{"id":1,"name":"gestor","url":"","description":"O projeto TV na Maior pretende desenvolver as literacias previstas no referencial Aprender com a biblioteca escolar, atrav\u00e9s da cria\u00e7\u00e3o de um canal de televis\u00e3o escolar, com uma programa\u00e7\u00e3o regular, em que ser\u00e3o transmitidas entrevistas, reportagens e spots promocionais de livros existentes na biblioteca escolar.\r\nDirigido a alunos do ensino secund\u00e1rio, regular e profissional, o projeto prev\u00ea a\u00e7\u00f5es desenvolvidas em situa\u00e7\u00f5es educativas diversas (curricular, extracurricular, forma\u00e7\u00e3o em contexto de trabalho e projeto de aptid\u00e3o profissional), numa din\u00e2mica de trabalho colaborativo entre a biblioteca e os alunos e docentes envolvidos.","link":"https:\/\/www.esmaior.pt\/tvnamaior\/index.php\/author\/gestor\/","slug":"gestor","avatar_urls":{"24":"https:\/\/secure.gravatar.com\/avatar\/6b2bf6e2c813fa98949e81cf0599b837?s=24&d=mm&r=g","48":"https:\/\/secure.gravatar.com\/avatar\/6b2bf6e2c813fa98949e81cf0599b837?s=48&d=mm&r=g","96":"https:\/\/secure.gravatar.com\/avatar\/6b2bf6e2c813fa98949e81cf0599b837?s=96&d=mm&r=g"},"meta":[],"_links":{"self":[{"href":"https:\/\/www.esmaior.pt\/tvnamaior\/index.php\/wp-json\/wp\/v2\/users\/1"}],"collection":[{"href":"https:\/\/www.esmaior.pt\/tvnamaior\/index.php\/wp-json\/wp\/v2\/users"}]}}