{"id":615,"date":"2017-05-07T16:36:00","date_gmt":"2017-05-07T16:36:00","guid":{"rendered":"https:\/\/www.esmaior.pt\/tvcopia\/?p=615"},"modified":"2021-03-07T17:59:16","modified_gmt":"2021-03-07T17:59:16","slug":"encontro-ideias-com-merito","status":"publish","type":"post","link":"https:\/\/www.esmaior.pt\/tvnamaior\/index.php\/2017\/05\/07\/encontro-ideias-com-merito\/","title":{"rendered":"Encontro Ideias com M\u00e9rito"},"content":{"rendered":"\n<figure class=\"wp-block-table\"><table><tbody><tr><td> A Rede de Bibliotecas Escolares promoveu o Encontro Ideias com M\u00e9rito e convidou a TV na Maior! O Bruno e a Margarida Cunha, em representa\u00e7\u00e3o da equipa t\u00e9cnica e da equipa de jornalistas explicaram a uma plateia de professores de escolas de todo o pa\u00eds como \u00e9 fazer televis\u00e3o na escola. &nbsp; &nbsp;<\/td><\/tr><\/tbody><\/table><\/figure>\n\n\n\n<figure class=\"wp-block-image size-large is-resized is-style-default\"><img loading=\"lazy\" src=\"https:\/\/www.esmaior.pt\/tvnamaior\/wp-content\/uploads\/2021\/03\/3o-EEM-1.jpg\" alt=\"\" class=\"wp-image-616\" width=\"480\" height=\"360\" srcset=\"https:\/\/www.esmaior.pt\/tvnamaior\/wp-content\/uploads\/2021\/03\/3o-EEM-1.jpg 960w, https:\/\/www.esmaior.pt\/tvnamaior\/wp-content\/uploads\/2021\/03\/3o-EEM-1-300x225.jpg 300w, https:\/\/www.esmaior.pt\/tvnamaior\/wp-content\/uploads\/2021\/03\/3o-EEM-1-768x576.jpg 768w\" sizes=\"(max-width: 480px) 100vw, 480px\" \/><\/figure>\n\n\n\n<p><\/p>\n","protected":false},"excerpt":{"rendered":"<p>A Rede de Bibliotecas Escolares promoveu o Encontro Ideias com M\u00e9rito e convidou a TV na Maior! O Bruno e<\/p>\n","protected":false},"author":1,"featured_media":616,"comment_status":"closed","ping_status":"closed","sticky":false,"template":"","format":"standard","meta":[],"categories":[33],"tags":[],"_links":{"self":[{"href":"https:\/\/www.esmaior.pt\/tvnamaior\/index.php\/wp-json\/wp\/v2\/posts\/615"}],"collection":[{"href":"https:\/\/www.esmaior.pt\/tvnamaior\/index.php\/wp-json\/wp\/v2\/posts"}],"about":[{"href":"https:\/\/www.esmaior.pt\/tvnamaior\/index.php\/wp-json\/wp\/v2\/types\/post"}],"author":[{"embeddable":true,"href":"https:\/\/www.esmaior.pt\/tvnamaior\/index.php\/wp-json\/wp\/v2\/users\/1"}],"replies":[{"embeddable":true,"href":"https:\/\/www.esmaior.pt\/tvnamaior\/index.php\/wp-json\/wp\/v2\/comments?post=615"}],"version-history":[{"count":1,"href":"https:\/\/www.esmaior.pt\/tvnamaior\/index.php\/wp-json\/wp\/v2\/posts\/615\/revisions"}],"predecessor-version":[{"id":618,"href":"https:\/\/www.esmaior.pt\/tvnamaior\/index.php\/wp-json\/wp\/v2\/posts\/615\/revisions\/618"}],"wp:featuredmedia":[{"embeddable":true,"href":"https:\/\/www.esmaior.pt\/tvnamaior\/index.php\/wp-json\/wp\/v2\/media\/616"}],"wp:attachment":[{"href":"https:\/\/www.esmaior.pt\/tvnamaior\/index.php\/wp-json\/wp\/v2\/media?parent=615"}],"wp:term":[{"taxonomy":"category","embeddable":true,"href":"https:\/\/www.esmaior.pt\/tvnamaior\/index.php\/wp-json\/wp\/v2\/categories?post=615"},{"taxonomy":"post_tag","embeddable":true,"href":"https:\/\/www.esmaior.pt\/tvnamaior\/index.php\/wp-json\/wp\/v2\/tags?post=615"}],"curies":[{"name":"wp","href":"https:\/\/api.w.org\/{rel}","templated":true}]}}