{"id":536,"date":"2021-03-01T11:41:53","date_gmt":"2021-03-01T11:41:53","guid":{"rendered":"https:\/\/www.esmaior.pt\/tvcopia\/?p=536"},"modified":"2021-03-01T11:57:48","modified_gmt":"2021-03-01T11:57:48","slug":"quem-somos","status":"publish","type":"post","link":"https:\/\/www.esmaior.pt\/tvnamaior\/index.php\/2021\/03\/01\/quem-somos\/","title":{"rendered":"Quem somos"},"content":{"rendered":"\n<p>A TV na Maior \u00e9 o canal de televis\u00e3o escolar do Agrupamento de Escolas de Santa Maria Maior. Produzimos notici\u00e1rios, reportagens, entrevistas, document\u00e1rios, revistas de imprensa e programas de cr\u00edtica liter\u00e1ria.<\/p>\n\n\n\n<p>Fundada em 2016, a TV na Maior foi um dos projetos selecionados na candidatura Ideias com M\u00e9rito da Rede de Bibliotecas Escolares. \u00c9 fruto de uma parceria entre a Biblioteca Escolar e o Curso Profissional de T\u00e9cnico de Audiovisuais da Escola Secund\u00e1ria de Santa Maria Maior.<\/p>\n\n\n\n<p>Os conte\u00fados dos nossos programas est\u00e3o relacionados com a vidas das escolas do nosso agrupamento e tamb\u00e9m da nossa comunidade local.<\/p>\n\n\n\n<p>Para al\u00e9m das nossas equipas de jornalistas e de t\u00e9cnicos, a TV na Maior conta com a colabora\u00e7\u00e3o de in\u00fameros professores e alunos que, no \u00e2mbito de diferentes disciplinas, atividades ou projetos, aceitam o nosso desafio para participarem na produ\u00e7\u00e3o de conte\u00fados informativos.<\/p>\n\n\n\n<p>Pretendemos criar na escola uma cultura de educa\u00e7\u00e3o para os m\u00e9dia que proporcione aos alunos oportunidades de desenvolvimento de compet\u00eancias que os tornem respons\u00e1veis e cr\u00edticos enquanto consumidores e produtores de conte\u00fados medi\u00e1ticos.<\/p>\n","protected":false},"excerpt":{"rendered":"<p>A TV na Maior \u00e9 o canal de televis\u00e3o escolar do Agrupamento de Escolas de Santa Maria Maior. Produzimos notici\u00e1rios,<\/p>\n","protected":false},"author":1,"featured_media":0,"comment_status":"closed","ping_status":"closed","sticky":false,"template":"","format":"standard","meta":[],"categories":[26],"tags":[],"_links":{"self":[{"href":"https:\/\/www.esmaior.pt\/tvnamaior\/index.php\/wp-json\/wp\/v2\/posts\/536"}],"collection":[{"href":"https:\/\/www.esmaior.pt\/tvnamaior\/index.php\/wp-json\/wp\/v2\/posts"}],"about":[{"href":"https:\/\/www.esmaior.pt\/tvnamaior\/index.php\/wp-json\/wp\/v2\/types\/post"}],"author":[{"embeddable":true,"href":"https:\/\/www.esmaior.pt\/tvnamaior\/index.php\/wp-json\/wp\/v2\/users\/1"}],"replies":[{"embeddable":true,"href":"https:\/\/www.esmaior.pt\/tvnamaior\/index.php\/wp-json\/wp\/v2\/comments?post=536"}],"version-history":[{"count":2,"href":"https:\/\/www.esmaior.pt\/tvnamaior\/index.php\/wp-json\/wp\/v2\/posts\/536\/revisions"}],"predecessor-version":[{"id":542,"href":"https:\/\/www.esmaior.pt\/tvnamaior\/index.php\/wp-json\/wp\/v2\/posts\/536\/revisions\/542"}],"wp:attachment":[{"href":"https:\/\/www.esmaior.pt\/tvnamaior\/index.php\/wp-json\/wp\/v2\/media?parent=536"}],"wp:term":[{"taxonomy":"category","embeddable":true,"href":"https:\/\/www.esmaior.pt\/tvnamaior\/index.php\/wp-json\/wp\/v2\/categories?post=536"},{"taxonomy":"post_tag","embeddable":true,"href":"https:\/\/www.esmaior.pt\/tvnamaior\/index.php\/wp-json\/wp\/v2\/tags?post=536"}],"curies":[{"name":"wp","href":"https:\/\/api.w.org\/{rel}","templated":true}]}}